{"id":108,"date":"2009-11-23T12:54:43","date_gmt":"2009-11-23T16:54:43","guid":{"rendered":"http:\/\/cloud.cnpgc.embrapa.br\/clpi\/?p=108"},"modified":"2014-05-07T13:01:14","modified_gmt":"2014-05-07T17:01:14","slug":"recursos-garantidos","status":"publish","type":"post","link":"https:\/\/cloud.cnpgc.embrapa.br\/clpi\/recursos-garantidos\/","title":{"rendered":"Recursos garantidos"},"content":{"rendered":"<p style=\"text-align: justify\">Ano 1 \u2013 Edi\u00e7\u00e3o 4 \u2013 Periodicidade semanal<\/p>\n<p style=\"text-align: justify\">Ao disponibilizar este artigo, resolvi por fazer uma breve introdu\u00e7\u00e3o, para que voc\u00ea leitor entenda o motivo da escolha.<\/p>\n<p style=\"text-align: justify\">O texto abaixo tr\u00e1s o resultado de uma parceria bem sucedida que iniciou em meados de 2004. Mostra, portanto quanto tempo se leva para que se colham os frutos de um ativo protegido e licenciado para explora\u00e7\u00e3o comercial. At\u00e9 chegar a esse ponto existiu muita negocia\u00e7\u00e3o e \u00e1rdua.<\/p>\n<p style=\"text-align: justify\">Especificamente sobre essa negocia\u00e7\u00e3o declaro que dela participou a Dra. Elza \u00c2ngela Battaglia Brito da Cunha e agora entendo porque a parceria deu certo. Dra. Elza \u00e9 um expoente da Embrapa no campo da Propriedade Intelectual. Digo \u201c\u00e9\u201d porque apesar ser ex-empregada, ela mesma declara ser eternamente Embrapa. No \u00faltimo dia 20 de Novembro, Dra. Elza foi a convidada da Embrapa Gado de Corte que encerrou o curso de Propriedade Intelectual, e durante o tempo de sua palestra, mostrou com paix\u00e3o porque a Embrapa \u00e9 uma empresa procurada para parcerias. Que poder ela tem para entusiasmar. Mesmo sendo realista e conhecendo nossa realidade, nunca deixou de ser otimista.<\/p>\n<p style=\"text-align: justify\">Cristina<\/p>\n<p style=\"text-align: justify\"><a href=\"http:\/\/cloud.cnpgc.embrapa.br\/clpi\/files\/2014\/05\/recursos-garantidos.png\" target=\"_blank\">Clique aqui para ler o artigo<\/a><\/p>\n","protected":false},"excerpt":{"rendered":"<p>Ano 1 \u2013 Edi\u00e7\u00e3o 4 \u2013 Periodicidade semanal Ao disponibilizar este artigo, resolvi por fazer uma breve introdu\u00e7\u00e3o, para que voc\u00ea leitor entenda o motivo da escolha. O texto abaixo [&hellip;]<\/p>\n","protected":false},"author":36,"featured_media":0,"comment_status":"closed","ping_status":"open","sticky":false,"template":"","format":"standard","meta":{"_exactmetrics_skip_tracking":false,"_exactmetrics_sitenote_active":false,"_exactmetrics_sitenote_note":"","_exactmetrics_sitenote_category":0,"footnotes":""},"categories":[3],"tags":[],"class_list":["post-108","post","type-post","status-publish","format-standard","hentry","category-3"],"_links":{"self":[{"href":"https:\/\/cloud.cnpgc.embrapa.br\/clpi\/wp-json\/wp\/v2\/posts\/108","targetHints":{"allow":["GET"]}}],"collection":[{"href":"https:\/\/cloud.cnpgc.embrapa.br\/clpi\/wp-json\/wp\/v2\/posts"}],"about":[{"href":"https:\/\/cloud.cnpgc.embrapa.br\/clpi\/wp-json\/wp\/v2\/types\/post"}],"author":[{"embeddable":true,"href":"https:\/\/cloud.cnpgc.embrapa.br\/clpi\/wp-json\/wp\/v2\/users\/36"}],"replies":[{"embeddable":true,"href":"https:\/\/cloud.cnpgc.embrapa.br\/clpi\/wp-json\/wp\/v2\/comments?post=108"}],"version-history":[{"count":3,"href":"https:\/\/cloud.cnpgc.embrapa.br\/clpi\/wp-json\/wp\/v2\/posts\/108\/revisions"}],"predecessor-version":[{"id":112,"href":"https:\/\/cloud.cnpgc.embrapa.br\/clpi\/wp-json\/wp\/v2\/posts\/108\/revisions\/112"}],"wp:attachment":[{"href":"https:\/\/cloud.cnpgc.embrapa.br\/clpi\/wp-json\/wp\/v2\/media?parent=108"}],"wp:term":[{"taxonomy":"category","embeddable":true,"href":"https:\/\/cloud.cnpgc.embrapa.br\/clpi\/wp-json\/wp\/v2\/categories?post=108"},{"taxonomy":"post_tag","embeddable":true,"href":"https:\/\/cloud.cnpgc.embrapa.br\/clpi\/wp-json\/wp\/v2\/tags?post=108"}],"curies":[{"name":"wp","href":"https:\/\/api.w.org\/{rel}","templated":true}]}}