{"id":113,"date":"2009-12-08T13:02:40","date_gmt":"2009-12-08T17:02:40","guid":{"rendered":"http:\/\/cloud.cnpgc.embrapa.br\/clpi\/?p=113"},"modified":"2014-05-07T13:04:02","modified_gmt":"2014-05-07T17:04:02","slug":"alellyx-canavialis-e-monsato-uma-historia-sem-fim","status":"publish","type":"post","link":"https:\/\/cloud.cnpgc.embrapa.br\/clpi\/alellyx-canavialis-e-monsato-uma-historia-sem-fim\/","title":{"rendered":"Alellyx, CanaVialis e Monsato: uma hist\u00f3ria sem fim?"},"content":{"rendered":"<p style=\"text-align: justify\">Ano 1 \u2013 Edi\u00e7\u00e3o 5 \u2013 Periodicidade semanal<\/p>\n<p style=\"text-align: justify\">A compra das empresas brasileiras Alelyx e CanaVialis pela norte-americana Monsanto foi alvo de criticas do Ministro da Ci\u00eancia e Tecnologia, S\u00e9rgio Resende. Em declara\u00e7\u00e3o ao jornal! \u201cO Estado de S\u00e3o Paulo\u201d, Resende afirmou que \u201cA venda (da Alellyx e CanaVialis) para qualquer grupo estrangeiro \u00e9 decepcionante. Como \u00e9 que eles foram vender duas j\u00f3ias como essas, t\u00e3o importantes para o Pa\u00eds?\u201d. A rea\u00e7\u00e3o vigorosa do Ministro \u00e9 digna de elogios, embora seja importante dizer que sua a\u00e7\u00e3o faz-se urgente para evitar que outros tesouros tecnol\u00f3gicos nacionais sejam perdidos. Em momentos como esses, a import\u00e2ncia das Unidades P\u00fablicas de Pesquisa vem \u00e0 tona, s\u00e3o elas que de fato garantem a apropria\u00e7\u00e3o nacional do conhecimento tecnol\u00f3gico desenvolvido a partir de investimentos p\u00fablicos. Alguns dos motivos que justificam a decep\u00e7\u00e3o do Ministro s\u00e3o expostos a seguir.<br \/>\nEm 1999 foi conclu\u00eddo o primeiro sequenciamento gen\u00e9tico de um organismo vivo no Brasil. A realiza\u00e7\u00e3o foi anunciada como o \u201cmaior feito cient\u00edfico brasileiro dos \u00faltimos tempos\u201d, tratava-se da finaliza\u00e7\u00e3o do mapeamento gen\u00e9tico da Xylella Fastidiosa, a bact\u00e9ria causadora da praga conhecida como \u201camarelinho\u201d que atacava as planta\u00e7\u00f5es de laranja do Estado de S\u00e3o Paulo. O projeto Genoma-Xylella teve custo de 13 milh\u00f5es de d\u00f3lares, uma parte financiada pelo Governo Federal, outra pelo Governo do Estado de S\u00e3o Paulo atrav\u00e9s da FAPESP.<br \/>\nA partir do conhecimento gerado pelo sequenciamento do \u201camarelinho\u201d, foi fundada em 2002 a empresa Alellyx Applied Genomics. Os s\u00f3cios dessa empresa eram os professores Paulo Arruda, Jo\u00e3o Carlos Setubal, Jo\u00e3o Paulo Kitajima, todos da UNICAMP, Ana Claudia Rasera da Silva, do Instituto de Qu\u00edmica da USP, e Juses Aparecido Ferro, da UNESP de Jaboticabal. A Votorantim Novos Negocios tamb\u00e9m era s\u00f3cia da nova empresa por indica\u00e7\u00e3o do professor do Instituto de Qu\u00edmica da USP, Fernando Reinach, \u00e0 \u00e9poca j\u00e1 diretor-executivo da Votorantim Novos Neg\u00f3cios. Foi o pr\u00f3prio Reinach quem prop\u00f4s o projeto Genoma-Xylella ao ent\u00e3o diretor-cientifico da FAPESP, Jos\u00e9 Fernando Perez, em 1997.<br \/>\nVale dizer que os professores que fundaram a alellyx exerciam fun\u00e7\u00f5es de coordena\u00e7\u00e3o na FAPESP, uma das grandes financiadoras dos estudos que levaram a cria\u00e7\u00e3o da empresa. Fernando Reinach publicou assiduamente, at\u00e9 bem pouco tempo, textos em jornais de grande circula\u00e7\u00e3o nacional criticando a Comiss\u00e3o T\u00e9cnica Nacional de Biosseguran\u00e7a em v\u00e1rios momentos em que o tem por l\u00e1 discutido era a libera\u00e7\u00e3o do consumo e de testes com Organismos Geneticamente Modificados, assinava os textos como professor universit\u00e1rio e pesquisador, nunca como diretor da Votorantim Novos Negocios.<br \/>\nEm 2003 foi fundada a CanaVialis S.A., tamb\u00e9m patrocinada pela Votorantim Nonos Neg\u00f3cios. Esta empresa, por sua vez, opera com melhoramento cl\u00e1ssico de variedades da cana-de-a\u00e7\u00facar, n\u00e3o envolve ainda altera\u00e7\u00f5es gen\u00e9ticas com t\u00e9cnicas oriundas do sequenciamento g\u00e9ntico da cana, isso porque o projeto de sequenciamento do genoma da cana-de-a\u00e7\u00facar teve inicio em 1999 e ainda n\u00e3o chegou ao fim(o projeto \u00e9 realizado conjuntamente por equipes da UNICAMP, UFPE, dentre outras institui\u00e7\u00f5es).<br \/>\nEm agosto de 2008, a FAPESP patrocinou um workshop que teve como objetivo \u201cAtualizar os conhecimentos a respeito de gen\u00f4mica da cana-de-a\u00e7\u00facar, com destaque para potenciais usos no melhoramento, na transforma\u00e7\u00e3o e nos aspectos evolutivos\u201d.<br \/>\nRecentemente, o Conselho de Administra\u00e7\u00e3o da Associa\u00e7\u00e3o Brasileira de Tecnologia de Luz S\u00edncrotron (ABTLuS), Organiza\u00e7\u00e3o Social que gere as atividades do Laborat\u00f3rio Nacional de Luz Sincrotron atrav\u00e9s de contrato de gest\u00e3o junto ao Minist\u00e9rio da Ci\u00eancia e Tecnologia, anunciou atrav\u00e9s de seu presidente, Rog\u00e9rio C\u00e9sar de Cerqueira Leite, uma atropelada modifica\u00e7\u00e3o no Estatuto da ABTLuS: a id\u00e9ia era de que o Labor\u00e1torio S\u00edncroton brasileiro acolhesse um \u201cCentro de Tecnologia do Bioetanol\u201d (apesar do prefixo \u201cbio\u201d, trata-se do mesmo etanol, ou simplesmente \u201c\u00e1lcool\u201d que conhecemos desde a d\u00e9cada de 1970). O \u201c Centro\u201d, que nada tem a ver com a opera\u00e7\u00e3o e manuten\u00e7\u00e3o de uma fonte de luz s\u00edncroton, tem como objetivo a sistematiza\u00e7\u00e3o de toda a tecnologia que o Brasil possui na \u00e1rea de produ\u00e7\u00e3o de \u00e1lcool combust\u00edvel ( agora renomeado de \u201cbioetanol\u201d\u201d, seja no que diz respeito ao conhecimento futuro acerca da produ\u00e7\u00e3o de novas variedades de cana obtidas atrav\u00e9s dos estudos de sequenciamento gen\u00e9tico que est\u00e3o em curso, seja no que diz respeito \u00e0s t\u00e9cnicas que dominamos no Brasil em casa setor da cadeia produtiva do \u00e1lcool.<br \/>\nAssim como j\u00e1 se sabe do interesse de paises como os EUA na tecnologia brasileira de produ\u00e7\u00e3o de \u00e1lcool de cana-de-a\u00e7\u00facar em grande escala, e de seus interesses na obten\u00e7\u00e3o de variedades transg\u00eanicas da cana adaptadas \u00e0s suas condi\u00e7\u00f5es clim\u00e1ticas, tamb\u00e9m j\u00e1 se sabia do interesse da Monsanto pela Alellyx e pela CanaVialis.<br \/>\nEm maio de 2007, a Votorantim anunciava uma \u201c parceria tecnol\u00f3gica\u201d com a Monsanto. Naquela oportunidade, o diretor-executivo da Votorantim Novos Neg\u00f3cios afirmava: \u201c Esta parceria tecnol\u00f3gica permitir\u00e1 a Alellyx e CanaVialis disponibilizar para o setor sucroalcooleiro tecnologias desenvolvidas pela Monsanto. Al\u00e9m possibilitar\u00e1 que a Monsanto utilize tecnologias desenvolvidas por nossas empresas\u201d.<br \/>\nAssim como a EMPRAPA desenvolveu variedades da soja adaptadas ao Cerrado brasileiro, \u00e9 muito poss\u00edvel que o sequenciamento gen\u00e9tico da cana-de-a\u00e7\u00facar possa levar a obten\u00e7\u00e3o de variedades da cana adaptadas aos climas de paiseis como EUA e Fran\u00e7a, por exemplo. Neste caso, os resultados do que foi anunciado como o \u201cmaior feito cientifico brasileiro dos \u00faltimos tempos\u201d, se tornaria tamb\u00e9m o mais lucrativo negocio do s\u00e9culo XXI. Resta saber quem embolsar\u00e1 estes lucros.<\/p>\n<p style=\"text-align: justify\"><strong>Fonte: Joelmo Oliveira \u00e9 f\u00edsico, diretor de Pol\u00edticas de C&amp;T do Sindicato dos Pesquisadores de S\u00e3o Paulo e colaborador do Grupo de Analise de Pol\u00edticas de Inova\u00e7\u00e3o \u2013 GAPI\/UNICAMP.<\/strong><\/p>\n","protected":false},"excerpt":{"rendered":"<p>Ano 1 \u2013 Edi\u00e7\u00e3o 5 \u2013 Periodicidade semanal A compra das empresas brasileiras Alelyx e CanaVialis pela norte-americana Monsanto foi alvo de criticas do Ministro da Ci\u00eancia e Tecnologia, S\u00e9rgio [&hellip;]<\/p>\n","protected":false},"author":36,"featured_media":0,"comment_status":"closed","ping_status":"open","sticky":false,"template":"","format":"standard","meta":{"_exactmetrics_skip_tracking":false,"_exactmetrics_sitenote_active":false,"_exactmetrics_sitenote_note":"","_exactmetrics_sitenote_category":0,"footnotes":""},"categories":[3],"tags":[],"class_list":["post-113","post","type-post","status-publish","format-standard","hentry","category-3"],"_links":{"self":[{"href":"https:\/\/cloud.cnpgc.embrapa.br\/clpi\/wp-json\/wp\/v2\/posts\/113","targetHints":{"allow":["GET"]}}],"collection":[{"href":"https:\/\/cloud.cnpgc.embrapa.br\/clpi\/wp-json\/wp\/v2\/posts"}],"about":[{"href":"https:\/\/cloud.cnpgc.embrapa.br\/clpi\/wp-json\/wp\/v2\/types\/post"}],"author":[{"embeddable":true,"href":"https:\/\/cloud.cnpgc.embrapa.br\/clpi\/wp-json\/wp\/v2\/users\/36"}],"replies":[{"embeddable":true,"href":"https:\/\/cloud.cnpgc.embrapa.br\/clpi\/wp-json\/wp\/v2\/comments?post=113"}],"version-history":[{"count":1,"href":"https:\/\/cloud.cnpgc.embrapa.br\/clpi\/wp-json\/wp\/v2\/posts\/113\/revisions"}],"predecessor-version":[{"id":114,"href":"https:\/\/cloud.cnpgc.embrapa.br\/clpi\/wp-json\/wp\/v2\/posts\/113\/revisions\/114"}],"wp:attachment":[{"href":"https:\/\/cloud.cnpgc.embrapa.br\/clpi\/wp-json\/wp\/v2\/media?parent=113"}],"wp:term":[{"taxonomy":"category","embeddable":true,"href":"https:\/\/cloud.cnpgc.embrapa.br\/clpi\/wp-json\/wp\/v2\/categories?post=113"},{"taxonomy":"post_tag","embeddable":true,"href":"https:\/\/cloud.cnpgc.embrapa.br\/clpi\/wp-json\/wp\/v2\/tags?post=113"}],"curies":[{"name":"wp","href":"https:\/\/api.w.org\/{rel}","templated":true}]}}