{"id":2751,"date":"2012-09-14T14:04:10","date_gmt":"2012-09-14T18:04:10","guid":{"rendered":"http:\/\/cloud.cnpgc.embrapa.br\/sac\/?p=2751"},"modified":"2015-10-28T13:46:31","modified_gmt":"2015-10-28T17:46:31","slug":"oi-gostaria-de-saber-onde-encontro-as-epocas-de-plantio-de-hortalicas-pastagens-gaos-e-demais-alimentos-desde-ja-grata-pela-atencao-raquel-fantinel","status":"publish","type":"post","link":"https:\/\/cloud.cnpgc.embrapa.br\/sac\/2012\/09\/14\/oi-gostaria-de-saber-onde-encontro-as-epocas-de-plantio-de-hortalicas-pastagens-gaos-e-demais-alimentos-desde-ja-grata-pela-atencao-raquel-fantinel\/","title":{"rendered":"Qual a \u00e9poca de plantio de pastagens?"},"content":{"rendered":"<p>Todas as pastagens devem ser plantadas na primavera e no ver\u00e3o quando as chuvas tornam poss\u00edvel a germina\u00e7\u00e3o das sementes, o crescimento das pl\u00e2ntulas e o estabelecimento das mudas. Maiores informa\u00e7\u00f5es podem ser obtidas no livro Manual de Pastagens e Forrageiras (N. I. H. Pupo), do Instituto Campieiro de Ensino Agr\u00edcola.<\/p>\n<p>Veja tamb\u00e9m os seguintes endere\u00e7os:<\/p>\n<ul>\n<li>Aspectos pr\u00e1ticos ligados a forma\u00e7\u00e3o de pastagens : \u00e9poca de plantio. <a href=\"https:\/\/www.embrapa.br\/gado-de-corte\/busca-de-publicacoes\/-\/publicacao\/321814\/aspectos-praticos-ligados-a-formacao-de-pastagens\">https:\/\/www.embrapa.br\/gado-de-corte\/busca-de-publicacoes\/-\/publicacao\/321814\/aspectos-praticos-ligados-a-formacao-de-pastagens<\/a><\/li>\n<li>Requisitos b\u00e1sicos para boa forma\u00e7\u00e3o e persist\u00eancia de pastagens. https:\/\/www.embrapa.br\/gado-de-corte\/busca-de-publicacoes\/-\/publicacao\/325258\/requisitos-basicos-para-boa-formacao-e-persistencia-de-pastagens<\/li>\n<\/ul>\n<p>&nbsp;<\/p>\n","protected":false},"excerpt":{"rendered":"<p>Todas as pastagens devem ser plantadas na primavera e no ver\u00e3o quando as chuvas tornam poss\u00edvel a germina\u00e7\u00e3o das sementes, o crescimento das pl\u00e2ntulas e o estabelecimento das mudas. Maiores informa\u00e7\u00f5es podem ser obtidas no livro Manual de Pastagens e Forrageiras (N. I. H. Pupo), do Instituto Campieiro de Ensino Agr\u00edcola. Veja tamb\u00e9m os seguintes [&hellip;]<\/p>\n","protected":false},"author":49,"featured_media":0,"comment_status":"closed","ping_status":"closed","sticky":false,"template":"","format":"standard","meta":{"_exactmetrics_skip_tracking":false,"_exactmetrics_sitenote_active":false,"_exactmetrics_sitenote_note":"","_exactmetrics_sitenote_category":0,"footnotes":""},"categories":[5],"tags":[910,48,538],"class_list":["post-2751","post","type-post","status-publish","format-standard","hentry","category-pastagem","tag-graos","tag-pastagem-2","tag-plantio"],"_links":{"self":[{"href":"https:\/\/cloud.cnpgc.embrapa.br\/sac\/wp-json\/wp\/v2\/posts\/2751","targetHints":{"allow":["GET"]}}],"collection":[{"href":"https:\/\/cloud.cnpgc.embrapa.br\/sac\/wp-json\/wp\/v2\/posts"}],"about":[{"href":"https:\/\/cloud.cnpgc.embrapa.br\/sac\/wp-json\/wp\/v2\/types\/post"}],"author":[{"embeddable":true,"href":"https:\/\/cloud.cnpgc.embrapa.br\/sac\/wp-json\/wp\/v2\/users\/49"}],"replies":[{"embeddable":true,"href":"https:\/\/cloud.cnpgc.embrapa.br\/sac\/wp-json\/wp\/v2\/comments?post=2751"}],"version-history":[{"count":6,"href":"https:\/\/cloud.cnpgc.embrapa.br\/sac\/wp-json\/wp\/v2\/posts\/2751\/revisions"}],"predecessor-version":[{"id":7215,"href":"https:\/\/cloud.cnpgc.embrapa.br\/sac\/wp-json\/wp\/v2\/posts\/2751\/revisions\/7215"}],"wp:attachment":[{"href":"https:\/\/cloud.cnpgc.embrapa.br\/sac\/wp-json\/wp\/v2\/media?parent=2751"}],"wp:term":[{"taxonomy":"category","embeddable":true,"href":"https:\/\/cloud.cnpgc.embrapa.br\/sac\/wp-json\/wp\/v2\/categories?post=2751"},{"taxonomy":"post_tag","embeddable":true,"href":"https:\/\/cloud.cnpgc.embrapa.br\/sac\/wp-json\/wp\/v2\/tags?post=2751"}],"curies":[{"name":"wp","href":"https:\/\/api.w.org\/{rel}","templated":true}]}}